{"id":2053,"date":"2021-05-20T11:17:44","date_gmt":"2021-05-20T14:17:44","guid":{"rendered":"http:\/\/ihgse.org.br\/wordpress\/?p=2053"},"modified":"2023-02-07T11:36:48","modified_gmt":"2023-02-07T14:36:48","slug":"cafe-com-prosa-aniversario-da-capital-sergipana","status":"publish","type":"post","link":"https:\/\/ihgse.org.br\/wordpress\/cafe-com-prosa-aniversario-da-capital-sergipana\/","title":{"rendered":"Caf\u00e9 com Prosa &#8211; Anivers\u00e1rio da capital sergipana"},"content":{"rendered":"<p>Caf\u00e9 com Prosa 01 \/2021 -17 de mar\u00e7o &#8211; Anivers\u00e1rio de 166 anos da capital sergipana<\/p>\n<p>Professora Agla\u00e9, conversa com Professor Wanderlei, sobre o epis\u00f3dio da mudan\u00e7a da capital de S\u00e3o Crist\u00f3v\u00e3o para Sergipe.<\/p>\n<div class='embed-container'><iframe loading=\"lazy\" title=\"Caf\u00e9 com Prosa 01 \/2021 -17 de mar\u00e7o - Anivers\u00e1rio de 166 anos da capital sergipana\" width=\"1920\" height=\"1080\" src=\"https:\/\/www.youtube.com\/embed\/-XWX7xEeSos?feature=oembed\" frameborder=\"0\" allow=\"accelerometer; autoplay; clipboard-write; encrypted-media; gyroscope; picture-in-picture; web-share\" allowfullscreen><\/iframe><\/div>\n<div class='embed-container'>\n<blockquote class=\"wp-embedded-content\" data-secret=\"6kXVnr1qZn\"><p><a href=\"https:\/\/ihgse.org.br\/wordpress\/nossos-projetos\/\"><\/a><\/p><\/blockquote>\n<p><iframe loading=\"lazy\" class=\"wp-embedded-content\" sandbox=\"allow-scripts\" security=\"restricted\" style=\"position: absolute; clip: rect(1px, 1px, 1px, 1px);\" title=\"&#8220;&#8221; &#8212; Instituto Hist\u00f3rico e Geogr\u00e1fico de Sergipe\" src=\"https:\/\/ihgse.org.br\/wordpress\/nossos-projetos\/embed\/#?secret=Bt7dmzrmef#?secret=6kXVnr1qZn\" data-secret=\"6kXVnr1qZn\" width=\"600\" height=\"338\" frameborder=\"0\" marginwidth=\"0\" marginheight=\"0\" scrolling=\"no\"><\/iframe><\/div>\n<p>&nbsp;<\/p>\n","protected":false},"excerpt":{"rendered":"<p>Caf\u00e9 com Prosa 01 \/2021 -17 de mar\u00e7o &#8211; Anivers\u00e1rio de 166 anos da capital sergipana Professora Agla\u00e9, conversa com Professor Wanderlei, sobre o epis\u00f3dio da mudan\u00e7a da capital de S\u00e3o Crist\u00f3v\u00e3o para Sergipe. &nbsp;<\/p>\n","protected":false},"author":5,"featured_media":2059,"comment_status":"open","ping_status":"closed","sticky":false,"template":"","format":"standard","meta":{"footnotes":""},"categories":[8,41],"tags":[42,46,32,44,43],"class_list":["post-2053","post","type-post","status-publish","format-standard","has-post-thumbnail","hentry","category-celebracoes","category-projetos-ihgse","tag-cafe-com-prosa","tag-celebracoes","tag-ihgse","tag-projetos","tag-youtube"],"_links":{"self":[{"href":"https:\/\/ihgse.org.br\/wordpress\/wp-json\/wp\/v2\/posts\/2053","targetHints":{"allow":["GET"]}}],"collection":[{"href":"https:\/\/ihgse.org.br\/wordpress\/wp-json\/wp\/v2\/posts"}],"about":[{"href":"https:\/\/ihgse.org.br\/wordpress\/wp-json\/wp\/v2\/types\/post"}],"author":[{"embeddable":true,"href":"https:\/\/ihgse.org.br\/wordpress\/wp-json\/wp\/v2\/users\/5"}],"replies":[{"embeddable":true,"href":"https:\/\/ihgse.org.br\/wordpress\/wp-json\/wp\/v2\/comments?post=2053"}],"version-history":[{"count":3,"href":"https:\/\/ihgse.org.br\/wordpress\/wp-json\/wp\/v2\/posts\/2053\/revisions"}],"predecessor-version":[{"id":2056,"href":"https:\/\/ihgse.org.br\/wordpress\/wp-json\/wp\/v2\/posts\/2053\/revisions\/2056"}],"wp:featuredmedia":[{"embeddable":true,"href":"https:\/\/ihgse.org.br\/wordpress\/wp-json\/wp\/v2\/media\/2059"}],"wp:attachment":[{"href":"https:\/\/ihgse.org.br\/wordpress\/wp-json\/wp\/v2\/media?parent=2053"}],"wp:term":[{"taxonomy":"category","embeddable":true,"href":"https:\/\/ihgse.org.br\/wordpress\/wp-json\/wp\/v2\/categories?post=2053"},{"taxonomy":"post_tag","embeddable":true,"href":"https:\/\/ihgse.org.br\/wordpress\/wp-json\/wp\/v2\/tags?post=2053"}],"curies":[{"name":"wp","href":"https:\/\/api.w.org\/{rel}","templated":true}]}}