{"id":2189,"date":"2023-09-26T15:20:26","date_gmt":"2023-09-26T18:20:26","guid":{"rendered":"http:\/\/ihgse.org.br\/wordpress\/?p=2189"},"modified":"2023-10-10T10:10:25","modified_gmt":"2023-10-10T13:10:25","slug":"2189-2","status":"publish","type":"post","link":"https:\/\/ihgse.org.br\/wordpress\/2189-2\/","title":{"rendered":"Nota de Pesar Harildo Deda"},"content":{"rendered":"<div class=\"vce-row-container\" data-vce-boxed-width=\"true\"><div class=\"vce-row vce-row--col-gap-30 vce-row-equal-height vce-row-content--top\" id=\"el-3dc6f039\" data-vce-do-apply=\"all el-3dc6f039\"><div class=\"vce-row-content\" data-vce-element-content=\"true\"><div class=\"vce-col vce-col--md-auto vce-col--xs-1 vce-col--xs-last vce-col--xs-first vce-col--sm-last vce-col--sm-first vce-col--md-last vce-col--lg-last vce-col--xl-last vce-col--md-first vce-col--lg-first vce-col--xl-first\" id=\"el-3785022a\"><div class=\"vce-col-inner\" data-vce-do-apply=\"border margin background  el-3785022a\"><div class=\"vce-col-content\" data-vce-element-content=\"true\" data-vce-do-apply=\"padding el-3785022a\"><div class=\"vce-text-block\"><div class=\"vce-text-block-wrapper vce\" id=\"el-e84b8759\" data-vce-do-apply=\"all el-e84b8759\"><p><b>Acendam os spots:<\/b><\/p>\n<p><b><i>Agla\u00e9 d\u2019\u00c1vila Fontes<\/i><\/b><\/p>\n<p><span style=\"font-weight: 400;\">A not\u00edcia esteve circulando desde que o acontecido se fez presente. E a dor tamb\u00e9m.<\/span><\/p>\n<p><span style=\"font-weight: 400;\">Amarga cena para uma plateia dividida em dois espa\u00e7os. Bahia e Sergipe, choram juntas a perda de Harildo Deda.&nbsp;<\/span><\/p>\n<p><span style=\"font-weight: 400;\">Na sua hist\u00f3ria v\u00e1rios personagens foram encenados, sempre com seu talento invulgar no dizer as coisas.<\/span><\/p>\n<p><span style=\"font-weight: 400;\">De Pirandello a Ariano Suassuna ele sempre buscou fazer bem o Outro. E lhe deu voz e gesto e sobretudo interpreta\u00e7\u00e3o e vida: a sua vida! Toda ela voltada \u00e0 arte de representar.<\/span><\/p>\n<p><span style=\"font-weight: 400;\">Para provar este destino est\u00e3o a\u00ed os filmes, v\u00eddeos, document\u00e1rios, e a pr\u00f3pria hist\u00f3ria da UFBA, onde montou seu laborat\u00f3rio de encenar e ensinar.<\/span><\/p>\n<p><span style=\"font-weight: 400;\">A morte, trai\u00e7oeira como ela sabe ser, nos pegou de surpresa. E agora \u00e9 como ter outro Encenador que cerrou seus olhos e lhe calou a voz. Mas a plateia daqui e dali, cheia de Mem\u00f3ria se levanta para aplaudir sua passagem para outra caminhada.<\/span><\/p>\n<p><span style=\"font-weight: 400;\">Acedam os spots, d\u00eaem uma luz geral para essa cena, porque vai passar um Homem de Teatro: Harildo Deda.<\/span><\/p>\n<p>&nbsp;<\/p>\n<\/div><\/div><\/div><\/div><\/div><\/div><\/div><\/div><div class=\"vce-row-container\" data-vce-boxed-width=\"true\"><div class=\"vce-row vce-row--col-gap-30 vce-row-equal-height vce-row-content--top\" id=\"el-c624af9a\" data-vce-do-apply=\"all el-c624af9a\"><div class=\"vce-row-content\" data-vce-element-content=\"true\"><div class=\"vce-col vce-col--md-auto vce-col--xs-1 vce-col--xs-last vce-col--xs-first vce-col--sm-last vce-col--sm-first vce-col--md-last vce-col--lg-last vce-col--xl-last vce-col--md-first vce-col--lg-first vce-col--xl-first\" id=\"el-79ac3675\"><div class=\"vce-col-inner\" data-vce-do-apply=\"border margin background  el-79ac3675\"><div class=\"vce-col-content\" data-vce-element-content=\"true\" data-vce-do-apply=\"padding el-79ac3675\"><div class=\"vce-image-masonry-gallery\"><div class=\"vce-image-masonry-gallery-wrapper vce vce-image-masonry-gallery--gap-10 vce-image-masonry-gallery--columns-3\" id=\"el-63551137\" data-vce-do-apply=\"all el-63551137\"><div class=\"vce-image-masonry-gallery-list\"><div class=\"vce-image-masonry-gallery-column\"><a href=\"https:\/\/www.ihgse.org.br\/wordpress\/wp-content\/uploads\/2023\/09\/Captura-de-tela-2023-09-26-151717.png\" data-lightbox=\"lightbox-63551137\" class=\"vce-image-masonry-gallery-item\"><img decoding=\"async\" class=\"vce-image-masonry-gallery-img\" src=\"https:\/\/www.ihgse.org.br\/wordpress\/wp-content\/uploads\/2023\/09\/Captura-de-tela-2023-09-26-151717.png\" alt=\"\"><\/a><\/div><div class=\"vce-image-masonry-gallery-column\"><a href=\"https:\/\/www.ihgse.org.br\/wordpress\/wp-content\/uploads\/2023\/09\/Captura-de-tela-2023-09-26-151723.png\" data-lightbox=\"lightbox-63551137\" class=\"vce-image-masonry-gallery-item\"><img decoding=\"async\" class=\"vce-image-masonry-gallery-img\" src=\"https:\/\/www.ihgse.org.br\/wordpress\/wp-content\/uploads\/2023\/09\/Captura-de-tela-2023-09-26-151723.png\" alt=\"\"><\/a><\/div><div class=\"vce-image-masonry-gallery-column\"><a href=\"https:\/\/www.ihgse.org.br\/wordpress\/wp-content\/uploads\/2023\/09\/Captura-de-tela-2023-09-26-151711.png\" data-lightbox=\"lightbox-63551137\" class=\"vce-image-masonry-gallery-item\"><img decoding=\"async\" class=\"vce-image-masonry-gallery-img\" src=\"https:\/\/www.ihgse.org.br\/wordpress\/wp-content\/uploads\/2023\/09\/Captura-de-tela-2023-09-26-151711.png\" alt=\"\"><\/a><\/div><\/div><\/div><\/div><\/div><\/div><\/div><\/div><\/div><\/div><div class=\"vce-row-container\" data-vce-boxed-width=\"true\"><div class=\"vce-row vce-row--col-gap-30 vce-row-equal-height vce-row-content--top\" id=\"el-0be24287\" data-vce-do-apply=\"all el-0be24287\"><div class=\"vce-row-content\" data-vce-element-content=\"true\"><div class=\"vce-col vce-col--md-auto vce-col--xs-1 vce-col--xs-last vce-col--xs-first vce-col--sm-last vce-col--sm-first vce-col--md-last vce-col--lg-last vce-col--xl-last vce-col--md-first vce-col--lg-first vce-col--xl-first\" id=\"el-de7d14b3\"><div class=\"vce-col-inner\" data-vce-do-apply=\"border margin background  el-de7d14b3\"><div class=\"vce-col-content\" data-vce-element-content=\"true\" data-vce-do-apply=\"padding el-de7d14b3\"><div><\/div><\/div><\/div><\/div><\/div><\/div><\/div>","protected":false},"excerpt":{"rendered":"<p>Acendam os spots: Agla\u00e9 d\u2019\u00c1vila Fontes A not\u00edcia esteve circulando desde que o acontecido se fez presente. E a dor tamb\u00e9m. Amarga cena para uma plateia dividida em dois espa\u00e7os. Bahia e Sergipe, choram juntas a perda de Harildo Deda.&nbsp; Na sua hist\u00f3ria v\u00e1rios personagens foram encenados, sempre com seu talento invulgar no dizer as&hellip; <br \/> <a class=\"read-more\" href=\"https:\/\/ihgse.org.br\/wordpress\/2189-2\/\">Leia mais<\/a><\/p>\n","protected":false},"author":5,"featured_media":2193,"comment_status":"open","ping_status":"closed","sticky":false,"template":"","format":"standard","meta":{"footnotes":""},"categories":[4],"tags":[23,20],"class_list":["post-2189","post","type-post","status-publish","format-standard","has-post-thumbnail","hentry","category-noticias","tag-nota-de-pesar","tag-noticia"],"_links":{"self":[{"href":"https:\/\/ihgse.org.br\/wordpress\/wp-json\/wp\/v2\/posts\/2189","targetHints":{"allow":["GET"]}}],"collection":[{"href":"https:\/\/ihgse.org.br\/wordpress\/wp-json\/wp\/v2\/posts"}],"about":[{"href":"https:\/\/ihgse.org.br\/wordpress\/wp-json\/wp\/v2\/types\/post"}],"author":[{"embeddable":true,"href":"https:\/\/ihgse.org.br\/wordpress\/wp-json\/wp\/v2\/users\/5"}],"replies":[{"embeddable":true,"href":"https:\/\/ihgse.org.br\/wordpress\/wp-json\/wp\/v2\/comments?post=2189"}],"version-history":[{"count":4,"href":"https:\/\/ihgse.org.br\/wordpress\/wp-json\/wp\/v2\/posts\/2189\/revisions"}],"predecessor-version":[{"id":2295,"href":"https:\/\/ihgse.org.br\/wordpress\/wp-json\/wp\/v2\/posts\/2189\/revisions\/2295"}],"wp:featuredmedia":[{"embeddable":true,"href":"https:\/\/ihgse.org.br\/wordpress\/wp-json\/wp\/v2\/media\/2193"}],"wp:attachment":[{"href":"https:\/\/ihgse.org.br\/wordpress\/wp-json\/wp\/v2\/media?parent=2189"}],"wp:term":[{"taxonomy":"category","embeddable":true,"href":"https:\/\/ihgse.org.br\/wordpress\/wp-json\/wp\/v2\/categories?post=2189"},{"taxonomy":"post_tag","embeddable":true,"href":"https:\/\/ihgse.org.br\/wordpress\/wp-json\/wp\/v2\/tags?post=2189"}],"curies":[{"name":"wp","href":"https:\/\/api.w.org\/{rel}","templated":true}]}}