{"id":314,"date":"2018-08-06T06:46:36","date_gmt":"2018-08-06T09:46:36","guid":{"rendered":"http:\/\/www.ihgse.org.br\/wordpress\/?p=314"},"modified":"2023-01-31T09:12:20","modified_gmt":"2023-01-31T12:12:20","slug":"aniversario-do-instituto","status":"publish","type":"post","link":"https:\/\/ihgse.org.br\/wordpress\/aniversario-do-instituto\/","title":{"rendered":"Anivers\u00e1rio do Instituto"},"content":{"rendered":"<div class=\"vce-row-container\" data-vce-boxed-width=\"true\"><div class=\"vce-row vce-row--col-gap-30 vce-row-equal-height vce-row-content--top\" id=\"el-809817b6\" data-vce-do-apply=\"all el-809817b6\"><div class=\"vce-row-content\" data-vce-element-content=\"true\"><div class=\"vce-col vce-col--md-auto vce-col--xs-1 vce-col--xs-last vce-col--xs-first vce-col--sm-last vce-col--sm-first vce-col--md-last vce-col--lg-last vce-col--xl-last vce-col--md-first vce-col--lg-first vce-col--xl-first\" id=\"el-deb3c362\"><div class=\"vce-col-inner\" data-vce-do-apply=\"border margin background  el-deb3c362\"><div class=\"vce-col-content\" data-vce-element-content=\"true\" data-vce-do-apply=\"padding el-deb3c362\"><div class=\"vce-text-block\"><div class=\"vce-text-block-wrapper vce\" id=\"el-af3594ba\" data-vce-do-apply=\"all el-af3594ba\"><p><span style=\"color: #000000;\">A comemora\u00e7\u00e3o foi realizada a 9 de agosto, \u00e0s 16 horas, no Audit\u00f3rio \u201cGovernador Lourival Baptista\u201d, ornamentado para receber seus convidados com uma programa\u00e7\u00e3o que primou por valorizar a Hist\u00f3ria de sua cria\u00e7\u00e3o h\u00e1 106 anos.<\/span><\/p>\n<p><style type=\"text\/css\">\r\n\t#foogallery-gallery-609 .fg-image {\r\n        width: 640px;\r\n    }\r\n<\/style>\r\n\t\t\t\t<div class=\"foogallery foogallery-container foogallery-image-viewer foogallery-link-image foogallery-lightbox-none fg-center fg-image-viewer fg-light fg-border-thin fg-shadow-outline fg-loading-default fg-loaded-fade-in fg-caption-hover fg-hover-fade fg-hover-zoom fg-ready\" id=\"foogallery-gallery-609\" data-foogallery=\"{&quot;item&quot;:{&quot;showCaptionTitle&quot;:true,&quot;showCaptionDescription&quot;:true},&quot;lazy&quot;:true,&quot;template&quot;:{&quot;loop&quot;:true}}\" >\r\n\t<div class=\"fiv-inner\">\r\n\t\t<div class=\"fiv-inner-container\">\r\n\t\t\t<div class=\"fg-item fg-type-image fg-idle\"><figure class=\"fg-item-inner\"><a href=\"https:\/\/www.ihgse.org.br\/wordpress\/wp-content\/uploads\/2019\/02\/n02.jpg\" data-caption-title=\"106 anos do IHGSE -Mesa e Coral Cantar das \u00c1guas\" data-attachment-id=\"611\" data-type=\"image\" class=\"fg-thumb\"><span class=\"fg-image-wrap\"><img title=\"106 anos do IHGSE -Mesa e Coral Cantar das \u00c1guas\" width=\"640\" height=\"360\" class=\"skip-lazy fg-image\" data-src-fg=\"https:\/\/www.ihgse.org.br\/wordpress\/wp-content\/uploads\/cache\/2019\/02\/n02\/491554325.jpg\" src=\"data:image\/svg+xml,%3Csvg%20xmlns%3D%22http%3A%2F%2Fwww.w3.org%2F2000%2Fsvg%22%20width%3D%22640%22%20height%3D%22360%22%20viewBox%3D%220%200%20640%20360%22%3E%3C%2Fsvg%3E\" loading=\"eager\"><\/span><span class=\"fg-image-overlay\"><\/span><\/a><figcaption class=\"fg-caption\"><div class=\"fg-caption-inner\"><div class=\"fg-caption-title\">106 anos do IHGSE -Mesa e Coral Cantar das \u00c1guas<\/div><\/div><\/figcaption><\/figure><div class=\"fg-loader\"><\/div><\/div><div class=\"fg-item fg-type-image fg-idle\"><figure class=\"fg-item-inner\"><a href=\"https:\/\/www.ihgse.org.br\/wordpress\/wp-content\/uploads\/2019\/02\/n03.jpg\" data-caption-title=\"106 anos do IHGSE \u2013 Posse de novos s\u00f3cios\" data-attachment-id=\"612\" data-type=\"image\" class=\"fg-thumb\"><span class=\"fg-image-wrap\"><img title=\"106 anos do IHGSE \u2013 Posse de novos s\u00f3cios\" width=\"640\" height=\"360\" class=\"skip-lazy fg-image\" data-src-fg=\"https:\/\/www.ihgse.org.br\/wordpress\/wp-content\/uploads\/cache\/2019\/02\/n03\/927921715.jpg\" src=\"data:image\/svg+xml,%3Csvg%20xmlns%3D%22http%3A%2F%2Fwww.w3.org%2F2000%2Fsvg%22%20width%3D%22640%22%20height%3D%22360%22%20viewBox%3D%220%200%20640%20360%22%3E%3C%2Fsvg%3E\" loading=\"eager\"><\/span><span class=\"fg-image-overlay\"><\/span><\/a><figcaption class=\"fg-caption\"><div class=\"fg-caption-inner\"><div class=\"fg-caption-title\">106 anos do IHGSE \u2013 Posse de novos s\u00f3cios<\/div><\/div><\/figcaption><\/figure><div class=\"fg-loader\"><\/div><\/div><div class=\"fg-item fg-type-image fg-idle\"><figure class=\"fg-item-inner\"><a href=\"https:\/\/www.ihgse.org.br\/wordpress\/wp-content\/uploads\/2019\/02\/n04.jpg\" data-caption-title=\"106 anos do IHGSE \u2013 Fala da Presidente Agla\u00e9 d\u00b4\u00c1vila Fontes\" data-attachment-id=\"613\" data-type=\"image\" class=\"fg-thumb\"><span class=\"fg-image-wrap\"><img title=\"106 anos do IHGSE \u2013 Fala da Presidente Agla\u00e9 d\u00b4\u00c1vila Fontes\" width=\"640\" height=\"360\" class=\"skip-lazy fg-image\" data-src-fg=\"https:\/\/www.ihgse.org.br\/wordpress\/wp-content\/uploads\/cache\/2019\/02\/n04\/3603115389.jpg\" src=\"data:image\/svg+xml,%3Csvg%20xmlns%3D%22http%3A%2F%2Fwww.w3.org%2F2000%2Fsvg%22%20width%3D%22640%22%20height%3D%22360%22%20viewBox%3D%220%200%20640%20360%22%3E%3C%2Fsvg%3E\" loading=\"eager\"><\/span><span class=\"fg-image-overlay\"><\/span><\/a><figcaption class=\"fg-caption\"><div class=\"fg-caption-inner\"><div class=\"fg-caption-title\">106 anos do IHGSE \u2013 Fala da Presidente Agla\u00e9 d\u00b4\u00c1vila Fontes<\/div><\/div><\/figcaption><\/figure><div class=\"fg-loader\"><\/div><\/div><div class=\"fg-item fg-type-image fg-idle\"><figure class=\"fg-item-inner\"><a href=\"https:\/\/www.ihgse.org.br\/wordpress\/wp-content\/uploads\/2019\/02\/n05.jpg\" data-caption-title=\"106 anos do IHGSE \u2013 Plateia\" data-attachment-id=\"614\" data-type=\"image\" class=\"fg-thumb\"><span class=\"fg-image-wrap\"><img title=\"106 anos do IHGSE \u2013 Plateia\" width=\"640\" height=\"360\" class=\"skip-lazy fg-image\" data-src-fg=\"https:\/\/www.ihgse.org.br\/wordpress\/wp-content\/uploads\/cache\/2019\/02\/n05\/3875543173.jpg\" src=\"data:image\/svg+xml,%3Csvg%20xmlns%3D%22http%3A%2F%2Fwww.w3.org%2F2000%2Fsvg%22%20width%3D%22640%22%20height%3D%22360%22%20viewBox%3D%220%200%20640%20360%22%3E%3C%2Fsvg%3E\" loading=\"eager\"><\/span><span class=\"fg-image-overlay\"><\/span><\/a><figcaption class=\"fg-caption\"><div class=\"fg-caption-inner\"><div class=\"fg-caption-title\">106 anos do IHGSE \u2013 Plateia<\/div><\/div><\/figcaption><\/figure><div class=\"fg-loader\"><\/div><\/div><div class=\"fg-item fg-type-image fg-idle\"><figure class=\"fg-item-inner\"><a href=\"https:\/\/www.ihgse.org.br\/wordpress\/wp-content\/uploads\/2019\/02\/n06.jpg\" data-caption-title=\"106 anos do IHGSE \u2013 Plateia\" data-attachment-id=\"615\" data-type=\"image\" class=\"fg-thumb\"><span class=\"fg-image-wrap\"><img title=\"106 anos do IHGSE \u2013 Plateia\" width=\"640\" height=\"360\" class=\"skip-lazy fg-image\" data-src-fg=\"https:\/\/www.ihgse.org.br\/wordpress\/wp-content\/uploads\/cache\/2019\/02\/n06\/2194132273.jpg\" src=\"data:image\/svg+xml,%3Csvg%20xmlns%3D%22http%3A%2F%2Fwww.w3.org%2F2000%2Fsvg%22%20width%3D%22640%22%20height%3D%22360%22%20viewBox%3D%220%200%20640%20360%22%3E%3C%2Fsvg%3E\" loading=\"eager\"><\/span><span class=\"fg-image-overlay\"><\/span><\/a><figcaption class=\"fg-caption\"><div class=\"fg-caption-inner\"><div class=\"fg-caption-title\">106 anos do IHGSE \u2013 Plateia<\/div><\/div><\/figcaption><\/figure><div class=\"fg-loader\"><\/div><\/div><div class=\"fg-item fg-type-image fg-idle\"><figure class=\"fg-item-inner\"><a href=\"https:\/\/www.ihgse.org.br\/wordpress\/wp-content\/uploads\/2019\/02\/n07.jpg\" data-caption-title=\"106 anos do IHGSE \u2013 Plateia\" data-attachment-id=\"616\" data-type=\"image\" class=\"fg-thumb\"><span class=\"fg-image-wrap\"><img title=\"106 anos do IHGSE \u2013 Plateia\" width=\"640\" height=\"360\" class=\"skip-lazy fg-image\" data-src-fg=\"https:\/\/www.ihgse.org.br\/wordpress\/wp-content\/uploads\/cache\/2019\/02\/n07\/2831531287.jpg\" src=\"data:image\/svg+xml,%3Csvg%20xmlns%3D%22http%3A%2F%2Fwww.w3.org%2F2000%2Fsvg%22%20width%3D%22640%22%20height%3D%22360%22%20viewBox%3D%220%200%20640%20360%22%3E%3C%2Fsvg%3E\" loading=\"eager\"><\/span><span class=\"fg-image-overlay\"><\/span><\/a><figcaption class=\"fg-caption\"><div class=\"fg-caption-inner\"><div class=\"fg-caption-title\">106 anos do IHGSE \u2013 Plateia<\/div><\/div><\/figcaption><\/figure><div class=\"fg-loader\"><\/div><\/div><div class=\"fg-item fg-type-image fg-idle\"><figure class=\"fg-item-inner\"><a href=\"https:\/\/www.ihgse.org.br\/wordpress\/wp-content\/uploads\/2019\/02\/n08.jpg\" data-caption-title=\"106 anos do IHGSE \u2013 Plateia\" data-attachment-id=\"617\" data-type=\"image\" class=\"fg-thumb\"><span class=\"fg-image-wrap\"><img title=\"106 anos do IHGSE \u2013 Plateia\" width=\"640\" height=\"360\" class=\"skip-lazy fg-image\" data-src-fg=\"https:\/\/www.ihgse.org.br\/wordpress\/wp-content\/uploads\/cache\/2019\/02\/n08\/2595061228.jpg\" src=\"data:image\/svg+xml,%3Csvg%20xmlns%3D%22http%3A%2F%2Fwww.w3.org%2F2000%2Fsvg%22%20width%3D%22640%22%20height%3D%22360%22%20viewBox%3D%220%200%20640%20360%22%3E%3C%2Fsvg%3E\" loading=\"eager\"><\/span><span class=\"fg-image-overlay\"><\/span><\/a><figcaption class=\"fg-caption\"><div class=\"fg-caption-inner\"><div class=\"fg-caption-title\">106 anos do IHGSE \u2013 Plateia<\/div><\/div><\/figcaption><\/figure><div class=\"fg-loader\"><\/div><\/div><div class=\"fg-item fg-type-image fg-idle\"><figure class=\"fg-item-inner\"><a href=\"https:\/\/www.ihgse.org.br\/wordpress\/wp-content\/uploads\/2019\/02\/n09.jpg\" data-caption-title=\"106 anos do IHGSE \u2013S\u00f3cios empossados\" data-attachment-id=\"618\" data-type=\"image\" class=\"fg-thumb\"><span class=\"fg-image-wrap\"><img title=\"106 anos do IHGSE \u2013S\u00f3cios empossados\" width=\"640\" height=\"360\" class=\"skip-lazy fg-image\" data-src-fg=\"https:\/\/www.ihgse.org.br\/wordpress\/wp-content\/uploads\/cache\/2019\/02\/n09\/2632762280.jpg\" src=\"data:image\/svg+xml,%3Csvg%20xmlns%3D%22http%3A%2F%2Fwww.w3.org%2F2000%2Fsvg%22%20width%3D%22640%22%20height%3D%22360%22%20viewBox%3D%220%200%20640%20360%22%3E%3C%2Fsvg%3E\" loading=\"eager\"><\/span><span class=\"fg-image-overlay\"><\/span><\/a><figcaption class=\"fg-caption\"><div class=\"fg-caption-inner\"><div class=\"fg-caption-title\">106 anos do IHGSE \u2013S\u00f3cios empossados<\/div><\/div><\/figcaption><\/figure><div class=\"fg-loader\"><\/div><\/div><div class=\"fg-item fg-type-image fg-idle\"><figure class=\"fg-item-inner\"><a href=\"https:\/\/www.ihgse.org.br\/wordpress\/wp-content\/uploads\/2019\/02\/n10.jpg\" data-caption-title=\"106 anos do IHGSE \u2013 Leitura da ata\" data-attachment-id=\"619\" data-type=\"image\" class=\"fg-thumb\"><span class=\"fg-image-wrap\"><img title=\"106 anos do IHGSE \u2013 Leitura da ata\" width=\"640\" height=\"360\" class=\"skip-lazy fg-image\" data-src-fg=\"https:\/\/www.ihgse.org.br\/wordpress\/wp-content\/uploads\/cache\/2019\/02\/n10\/2140151447.jpg\" src=\"data:image\/svg+xml,%3Csvg%20xmlns%3D%22http%3A%2F%2Fwww.w3.org%2F2000%2Fsvg%22%20width%3D%22640%22%20height%3D%22360%22%20viewBox%3D%220%200%20640%20360%22%3E%3C%2Fsvg%3E\" loading=\"eager\"><\/span><span class=\"fg-image-overlay\"><\/span><\/a><figcaption class=\"fg-caption\"><div class=\"fg-caption-inner\"><div class=\"fg-caption-title\">106 anos do IHGSE \u2013 Leitura da ata<\/div><\/div><\/figcaption><\/figure><div class=\"fg-loader\"><\/div><\/div><div class=\"fg-item fg-type-image fg-idle\"><figure class=\"fg-item-inner\"><a href=\"https:\/\/www.ihgse.org.br\/wordpress\/wp-content\/uploads\/2019\/02\/n11.jpg\" data-caption-title=\"106 anos do IHGSE \u2013 Certificado do Bem Querer (estagi\u00e1rios)\" data-attachment-id=\"620\" data-type=\"image\" class=\"fg-thumb\"><span class=\"fg-image-wrap\"><img title=\"106 anos do IHGSE \u2013 Certificado do Bem Querer (estagi\u00e1rios)\" width=\"640\" height=\"360\" class=\"skip-lazy fg-image\" data-src-fg=\"https:\/\/www.ihgse.org.br\/wordpress\/wp-content\/uploads\/cache\/2019\/02\/n11\/2863453228.jpg\" src=\"data:image\/svg+xml,%3Csvg%20xmlns%3D%22http%3A%2F%2Fwww.w3.org%2F2000%2Fsvg%22%20width%3D%22640%22%20height%3D%22360%22%20viewBox%3D%220%200%20640%20360%22%3E%3C%2Fsvg%3E\" loading=\"eager\"><\/span><span class=\"fg-image-overlay\"><\/span><\/a><figcaption class=\"fg-caption\"><div class=\"fg-caption-inner\"><div class=\"fg-caption-title\">106 anos do IHGSE \u2013 Certificado do Bem Querer (estagi\u00e1rios)<\/div><\/div><\/figcaption><\/figure><div class=\"fg-loader\"><\/div><\/div><div class=\"fg-item fg-type-image fg-idle\"><figure class=\"fg-item-inner\"><a href=\"https:\/\/www.ihgse.org.br\/wordpress\/wp-content\/uploads\/2019\/02\/n01.jpg\" data-caption-title=\"106 anos do IHGSE \u2013 Revista no. 48\" data-attachment-id=\"610\" data-type=\"image\" class=\"fg-thumb\"><span class=\"fg-image-wrap\"><img title=\"106 anos do IHGSE \u2013 Revista no. 48\" width=\"640\" height=\"360\" class=\"skip-lazy fg-image\" data-src-fg=\"https:\/\/www.ihgse.org.br\/wordpress\/wp-content\/uploads\/cache\/2019\/02\/n01\/2022396833.jpg\" src=\"data:image\/svg+xml,%3Csvg%20xmlns%3D%22http%3A%2F%2Fwww.w3.org%2F2000%2Fsvg%22%20width%3D%22640%22%20height%3D%22360%22%20viewBox%3D%220%200%20640%20360%22%3E%3C%2Fsvg%3E\" loading=\"eager\"><\/span><span class=\"fg-image-overlay\"><\/span><\/a><figcaption class=\"fg-caption\"><div class=\"fg-caption-inner\"><div class=\"fg-caption-title\">106 anos do IHGSE \u2013 Revista no. 48<\/div><\/div><\/figcaption><\/figure><div class=\"fg-loader\"><\/div><\/div>\t\t<\/div>\r\n\t\t<div class=\"fiv-ctrls\">\r\n\t\t\t<div class=\"fiv-prev\"><span>Prev<\/span><\/div>\r\n\t\t\t<label class=\"fiv-count\"><span class=\"fiv-count-current\">1<\/span>of<span class=\"fiv-count-total\">11<\/span><\/label>\r\n\t\t\t<div class=\"fiv-next\"><span>Next<\/span><\/div>\r\n\t\t<\/div>\r\n\t<\/div>\r\n<\/div><\/p>\n<p><span style=\"color: #000000; font-family: Calibri;\"><br>\nA abertura da solenidade foi feita com a teatraliza\u00e7\u00e3o da CHAMADA realizada com os estagi\u00e1rios da Casa , trazendo de volta os nomes dos 22 intelectuais que, sob o comando de Florentino Teles de Menezes, fundaram o IHGSE em 1912. A CHAMADA, vencendo o tempo, causou grande surpresa na plateia, pois contou com a interpreta\u00e7\u00e3o dos estagi\u00e1rios, que se transfiguraram nos pioneiros do Instituto, fazendo com que o passado e a coragem dos intelectuais sergipanos fossem relembrados e valorizados pelas novas gera\u00e7\u00f5es.<\/span><\/p>\n<div id=\"attachment_316\" style=\"width: 430px\" class=\"wp-caption alignnone\"><img aria-describedby=\"caption-attachment-316\" loading=\"lazy\" decoding=\"async\" class=\"wp-image-316\" src=\"https:\/\/www.ihgse.org.br\/wordpress\/wp-content\/uploads\/2018\/11\/foto-42.jpg\" alt=\"\" width=\"420\" height=\"250\" srcset=\"http:\/\/www.ihgse.org.br\/wordpress\/wp-content\/uploads\/2018\/11\/foto-42.jpg 459w, http:\/\/www.ihgse.org.br\/wordpress\/wp-content\/uploads\/2018\/11\/foto-42-300x178.jpg 300w\" sizes=\"auto, (max-width: 420px) 100vw, 420px\" \/><p id=\"caption-attachment-316\" class=\"wp-caption-text\">106 anos do IHGSE \u2013 Abertura do evento<\/p><\/div>\n<p><span style=\"color: #000000; font-family: Calibri;\">A presen\u00e7a do Coral \u201cCantar das \u00c1guas\u201d, da DESO, sob a reg\u00eancia do maestro S\u00e9rgio Chagas, deu \u00e0 solenidade grande beleza pelas pe\u00e7as apresentadas. As palavras da Prof. Terezinha Oliva, oradora oficial do IHGSE, trazendo a hist\u00f3ria do Instituto em sua diversidade de a\u00e7\u00e3o, e a sua responsabilidade com os estudos do espa\u00e7o geogr\u00e1fico de Sergipe, foi um ponto alto da programa\u00e7\u00e3o.<\/span><\/p>\n<div id=\"attachment_317\" style=\"width: 405px\" class=\"wp-caption alignleft\"><img aria-describedby=\"caption-attachment-317\" loading=\"lazy\" decoding=\"async\" class=\"wp-image-317\" src=\"https:\/\/www.ihgse.org.br\/wordpress\/wp-content\/uploads\/2018\/11\/foto-43.jpg\" alt=\"\" width=\"395\" height=\"244\" srcset=\"http:\/\/www.ihgse.org.br\/wordpress\/wp-content\/uploads\/2018\/11\/foto-43.jpg 458w, http:\/\/www.ihgse.org.br\/wordpress\/wp-content\/uploads\/2018\/11\/foto-43-300x185.jpg 300w\" sizes=\"auto, (max-width: 395px) 100vw, 395px\" \/><p id=\"caption-attachment-317\" class=\"wp-caption-text\">106 anos do IHGSE \u2013Apresenta\u00e7\u00e3o do Coral \u201cCantar das \u00c1guas\u201d<\/p><\/div>\n<p><span style=\"color: #000000; font-family: Calibri;\">&nbsp;<\/span><\/p>\n<p>&nbsp;<\/p>\n<p>&nbsp;<\/p>\n<p>&nbsp;<\/p>\n<p>&nbsp;<\/p>\n<p>&nbsp;<\/p>\n<p>&nbsp;<\/p>\n<p><span style=\"color: #000000; font-family: Calibri;\">Para reconhecer o trabalho desenvolvido pelos estagi\u00e1rios, que contribuem decisivamente para a preserva\u00e7\u00e3o do acervo e por atender o p\u00fablico no dia a dia, o Instituto os homenageou com o \u201cCertificado de Bem Querer\u201d.<\/span><\/p>\n<p><span style=\"color: #000000;\"><span style=\"font-family: Calibri;\">&nbsp;<\/span><span style=\"margin: 0px; line-height: 107%; font-family: 'Calibri',sans-serif; font-size: 13pt;\">A Revista n<sup>o<\/sup>. 48 foi lan\u00e7ada acompanhada das palavras do Prof. Jo\u00e3o Paulo Gama Oliveira, seu editor, sobre os caminhos percorridos pela edi\u00e7\u00e3o <\/span><\/span><\/p>\n<div id=\"attachment_324\" style=\"width: 293px\" class=\"wp-caption alignleft\"><img aria-describedby=\"caption-attachment-324\" loading=\"lazy\" decoding=\"async\" class=\"wp-image-324\" src=\"https:\/\/www.ihgse.org.br\/wordpress\/wp-content\/uploads\/2018\/08\/foto-44.jpg\" alt=\"\" width=\"283\" height=\"169\" srcset=\"http:\/\/www.ihgse.org.br\/wordpress\/wp-content\/uploads\/2018\/08\/foto-44.jpg 406w, http:\/\/www.ihgse.org.br\/wordpress\/wp-content\/uploads\/2018\/08\/foto-44-300x179.jpg 300w\" sizes=\"auto, (max-width: 283px) 100vw, 283px\" \/><p id=\"caption-attachment-324\" class=\"wp-caption-text\">106 anos do IHGSE \u2013 Revista no. 48<\/p><\/div>\n<p>&nbsp;<\/p>\n<p>&nbsp;<\/p>\n<p>&nbsp;<\/p>\n<p>&nbsp;<\/p>\n<p>&nbsp;<\/p>\n<p><span style=\"color: #000000;\">A declamadora Ilmara Souza interpretou poemas do vate sergipano Santo Souza, seu av\u00f4.<\/span><\/p>\n<p><span style=\"color: #000000;\">A solenidade contou com o momento da posse de tr\u00eas novos s\u00f3cios. Dois efetivos \u2013 Ant\u00f4nio Porf\u00edrio de Matos Neto e Edson Ulisses de Melo - e um correspondente \u2013 Guilherme Gomes da Silveira d\u00b4\u00c1vila Lins, Presidente do Instituto Hist\u00f3rico e Geogr\u00e1fico Paraibano.<\/span><\/p>\n<p><span style=\"color: #000000;\">Juramento e entrega de Diplomas selaram o momento (<strong>fotos<\/strong>).<\/span><\/p>\n<div id=\"attachment_325\" style=\"width: 375px\" class=\"wp-caption alignleft\"><img aria-describedby=\"caption-attachment-325\" loading=\"lazy\" decoding=\"async\" class=\"wp-image-325\" src=\"https:\/\/www.ihgse.org.br\/wordpress\/wp-content\/uploads\/2018\/08\/foto-45.jpg\" alt=\"\" width=\"365\" height=\"205\" srcset=\"http:\/\/www.ihgse.org.br\/wordpress\/wp-content\/uploads\/2018\/08\/foto-45.jpg 459w, http:\/\/www.ihgse.org.br\/wordpress\/wp-content\/uploads\/2018\/08\/foto-45-300x169.jpg 300w\" sizes=\"auto, (max-width: 365px) 100vw, 365px\" \/><p id=\"caption-attachment-325\" class=\"wp-caption-text\">106 anos do IHGSE \u2013 Presidente e s\u00f3cios empossados<\/p><\/div>\n<p>&nbsp;<\/p>\n<p>&nbsp;<\/p>\n<p>&nbsp;<\/p>\n<p>&nbsp;<\/p>\n<p>&nbsp;<\/p>\n<p>&nbsp;<\/p>\n<p><span style=\"color: #000000;\">Enriquecendo a celebra\u00e7\u00e3o dos 106 anos tivemos a continua\u00e7\u00e3o, na Pinacoteca Jord\u00e3o de Oliveira, da exposi\u00e7\u00e3o \u201cDO IMP\u00c9RIO \u00c0 REP\u00daBLICA \u2013 GOVERNADORES DO ESTADO DE SERGIPE\u201d, aberta durante as comemora\u00e7\u00f5es da Emancipa\u00e7\u00e3o Pol\u00edtica de Sergipe (fotos)<\/span><\/p>\n<p><span style=\"color: #000000;\">No encerramento, ap\u00f3s a execu\u00e7\u00e3o do Hino de Sergipe, houve um congra\u00e7amento entre os presentes com o corte do bolo comemorativo.<\/span><\/p>\n<div id=\"attachment_326\" style=\"width: 184px\" class=\"wp-caption alignleft\"><img aria-describedby=\"caption-attachment-326\" loading=\"lazy\" decoding=\"async\" class=\"wp-image-326\" src=\"https:\/\/www.ihgse.org.br\/wordpress\/wp-content\/uploads\/2018\/08\/foto-47.png\" alt=\"\" width=\"174\" height=\"232\" srcset=\"http:\/\/www.ihgse.org.br\/wordpress\/wp-content\/uploads\/2018\/08\/foto-47.png 229w, http:\/\/www.ihgse.org.br\/wordpress\/wp-content\/uploads\/2018\/08\/foto-47-225x300.png 225w\" sizes=\"auto, (max-width: 174px) 100vw, 174px\" \/><p id=\"caption-attachment-326\" class=\"wp-caption-text\">Bolo Comemorativo<\/p><\/div>\n<p>&nbsp;<\/p>\n<p>&nbsp;<\/p>\n<p>&nbsp;<\/p>\n<\/div><\/div><\/div><\/div><\/div><\/div><\/div><\/div>\n","protected":false},"excerpt":{"rendered":"<p>A comemora\u00e7\u00e3o foi realizada a 9 de agosto, \u00e0s 16 horas, no Audit\u00f3rio \u201cGovernador Lourival Baptista\u201d, ornamentado para receber seus convidados com uma programa\u00e7\u00e3o que primou por valorizar a Hist\u00f3ria de sua cria\u00e7\u00e3o h\u00e1 106 anos. A abertura da solenidade foi feita com a teatraliza\u00e7\u00e3o da CHAMADA realizada com os estagi\u00e1rios da Casa , trazendo&hellip; <br \/> <a class=\"read-more\" href=\"https:\/\/ihgse.org.br\/wordpress\/aniversario-do-instituto\/\">Leia mais<\/a><\/p>\n","protected":false},"author":5,"featured_media":1936,"comment_status":"open","ping_status":"closed","sticky":false,"template":"","format":"standard","meta":{"footnotes":""},"categories":[8],"tags":[29],"class_list":["post-314","post","type-post","status-publish","format-standard","has-post-thumbnail","hentry","category-celebracoes","tag-eventos"],"_links":{"self":[{"href":"https:\/\/ihgse.org.br\/wordpress\/wp-json\/wp\/v2\/posts\/314","targetHints":{"allow":["GET"]}}],"collection":[{"href":"https:\/\/ihgse.org.br\/wordpress\/wp-json\/wp\/v2\/posts"}],"about":[{"href":"https:\/\/ihgse.org.br\/wordpress\/wp-json\/wp\/v2\/types\/post"}],"author":[{"embeddable":true,"href":"https:\/\/ihgse.org.br\/wordpress\/wp-json\/wp\/v2\/users\/5"}],"replies":[{"embeddable":true,"href":"https:\/\/ihgse.org.br\/wordpress\/wp-json\/wp\/v2\/comments?post=314"}],"version-history":[{"count":17,"href":"https:\/\/ihgse.org.br\/wordpress\/wp-json\/wp\/v2\/posts\/314\/revisions"}],"predecessor-version":[{"id":1939,"href":"https:\/\/ihgse.org.br\/wordpress\/wp-json\/wp\/v2\/posts\/314\/revisions\/1939"}],"wp:featuredmedia":[{"embeddable":true,"href":"https:\/\/ihgse.org.br\/wordpress\/wp-json\/wp\/v2\/media\/1936"}],"wp:attachment":[{"href":"https:\/\/ihgse.org.br\/wordpress\/wp-json\/wp\/v2\/media?parent=314"}],"wp:term":[{"taxonomy":"category","embeddable":true,"href":"https:\/\/ihgse.org.br\/wordpress\/wp-json\/wp\/v2\/categories?post=314"},{"taxonomy":"post_tag","embeddable":true,"href":"https:\/\/ihgse.org.br\/wordpress\/wp-json\/wp\/v2\/tags?post=314"}],"curies":[{"name":"wp","href":"https:\/\/api.w.org\/{rel}","templated":true}]}}