{"id":395,"date":"2018-09-20T23:06:25","date_gmt":"2018-09-21T02:06:25","guid":{"rendered":"http:\/\/www.ihgse.org.br\/wordpress\/?p=395"},"modified":"2023-01-30T14:28:53","modified_gmt":"2023-01-30T17:28:53","slug":"primavera-dos-museus","status":"publish","type":"post","link":"https:\/\/ihgse.org.br\/wordpress\/primavera-dos-museus\/","title":{"rendered":"Primavera dos Museus"},"content":{"rendered":"<div class=\"vce-row-container\" data-vce-boxed-width=\"true\"><div class=\"vce-row vce-row--col-gap-30 vce-row-equal-height vce-row-content--top\" id=\"el-6672c4c8\" data-vce-do-apply=\"all el-6672c4c8\"><div class=\"vce-row-content\" data-vce-element-content=\"true\"><div class=\"vce-col vce-col--md-auto vce-col--xs-1 vce-col--xs-last vce-col--xs-first vce-col--sm-last vce-col--sm-first vce-col--md-last vce-col--lg-last vce-col--xl-last vce-col--md-first vce-col--lg-first vce-col--xl-first\" id=\"el-fbb6b66c\"><div class=\"vce-col-inner\" data-vce-do-apply=\"border margin background  el-fbb6b66c\"><div class=\"vce-col-content\" data-vce-element-content=\"true\" data-vce-do-apply=\"padding el-fbb6b66c\"><div class=\"vce-text-block\"><div class=\"vce-text-block-wrapper vce\" id=\"el-ba4a3269\" data-vce-do-apply=\"all el-ba4a3269\"><p>Realizada em parceria com o MinC\/IBRAM, teve como tema \u201cA EDUCA\u00c7\u00c3O NOS MUSEUS\u201d, abrindo um leque de oportunidades para n\u00e3o apenas se estudar a cultura erudita, mas tamb\u00e9m a popular, quando foi inserida na programa\u00e7\u00e3o a Hist\u00f3ria do Teatro de Anima\u00e7\u00e3o&nbsp; de Sergipe.<\/p>\n<p><style type=\"text\/css\">\r\n\t#foogallery-gallery-554 .fg-image {\r\n        width: 640px;\r\n    }\r\n<\/style>\r\n\t\t\t\t<div class=\"foogallery foogallery-container foogallery-image-viewer foogallery-link-image foogallery-lightbox-none fg-center fg-image-viewer fg-light fg-border-thin fg-shadow-outline fg-loading-default fg-loaded-fade-in fg-caption-hover fg-hover-fade fg-hover-zoom fg-ready\" id=\"foogallery-gallery-554\" data-foogallery=\"{&quot;item&quot;:{&quot;showCaptionTitle&quot;:true,&quot;showCaptionDescription&quot;:true},&quot;lazy&quot;:true,&quot;template&quot;:{&quot;loop&quot;:true}}\" >\r\n\t<div class=\"fiv-inner\">\r\n\t\t<div class=\"fiv-inner-container\">\r\n\t\t\t<div class=\"fg-item fg-type-image fg-idle\"><figure class=\"fg-item-inner\"><a href=\"https:\/\/www.ihgse.org.br\/wordpress\/wp-content\/uploads\/2019\/02\/1.jpg\" data-caption-title=\"Primavera dos Museus \u2013 Abertura\" data-attachment-id=\"555\" data-type=\"image\" class=\"fg-thumb\"><span class=\"fg-image-wrap\"><img title=\"Primavera dos Museus \u2013 Abertura\" width=\"640\" height=\"360\" class=\"skip-lazy fg-image\" data-src-fg=\"https:\/\/www.ihgse.org.br\/wordpress\/wp-content\/uploads\/cache\/2019\/02\/1\/3031931217.jpg\" src=\"data:image\/svg+xml,%3Csvg%20xmlns%3D%22http%3A%2F%2Fwww.w3.org%2F2000%2Fsvg%22%20width%3D%22640%22%20height%3D%22360%22%20viewBox%3D%220%200%20640%20360%22%3E%3C%2Fsvg%3E\" loading=\"eager\"><\/span><span class=\"fg-image-overlay\"><\/span><\/a><figcaption class=\"fg-caption\"><div class=\"fg-caption-inner\"><div class=\"fg-caption-title\">Primavera dos Museus \u2013 Abertura<\/div><\/div><\/figcaption><\/figure><div class=\"fg-loader\"><\/div><\/div><div class=\"fg-item fg-type-image fg-idle\"><figure class=\"fg-item-inner\"><a href=\"https:\/\/www.ihgse.org.br\/wordpress\/wp-content\/uploads\/2019\/02\/2.jpg\" data-caption-title=\"Primavera dos Museus \u2013 Palestra da Profa. Ver\u00f4nica Nunes\" data-attachment-id=\"556\" data-type=\"image\" class=\"fg-thumb\"><span class=\"fg-image-wrap\"><img title=\"Primavera dos Museus \u2013 Palestra da Profa. Ver\u00f4nica Nunes\" width=\"640\" height=\"360\" class=\"skip-lazy fg-image\" data-src-fg=\"https:\/\/www.ihgse.org.br\/wordpress\/wp-content\/uploads\/cache\/2019\/02\/2\/1999789314.jpg\" src=\"data:image\/svg+xml,%3Csvg%20xmlns%3D%22http%3A%2F%2Fwww.w3.org%2F2000%2Fsvg%22%20width%3D%22640%22%20height%3D%22360%22%20viewBox%3D%220%200%20640%20360%22%3E%3C%2Fsvg%3E\" loading=\"eager\"><\/span><span class=\"fg-image-overlay\"><\/span><\/a><figcaption class=\"fg-caption\"><div class=\"fg-caption-inner\"><div class=\"fg-caption-title\">Primavera dos Museus \u2013 Palestra da Profa. Ver\u00f4nica Nunes<\/div><\/div><\/figcaption><\/figure><div class=\"fg-loader\"><\/div><\/div><div class=\"fg-item fg-type-image fg-idle\"><figure class=\"fg-item-inner\"><a href=\"https:\/\/www.ihgse.org.br\/wordpress\/wp-content\/uploads\/2019\/02\/3.jpg\" data-caption-title=\"Primavera dos Museus \u2013 Fala da Profa. Terezinha Oliva (Oradora do IHGSE)\" data-attachment-id=\"557\" data-type=\"image\" class=\"fg-thumb\"><span class=\"fg-image-wrap\"><img title=\"Primavera dos Museus \u2013 Fala da Profa. Terezinha Oliva (Oradora do IHGSE)\" width=\"640\" height=\"360\" class=\"skip-lazy fg-image\" data-src-fg=\"https:\/\/www.ihgse.org.br\/wordpress\/wp-content\/uploads\/cache\/2019\/02\/3\/911139123.jpg\" src=\"data:image\/svg+xml,%3Csvg%20xmlns%3D%22http%3A%2F%2Fwww.w3.org%2F2000%2Fsvg%22%20width%3D%22640%22%20height%3D%22360%22%20viewBox%3D%220%200%20640%20360%22%3E%3C%2Fsvg%3E\" loading=\"eager\"><\/span><span class=\"fg-image-overlay\"><\/span><\/a><figcaption class=\"fg-caption\"><div class=\"fg-caption-inner\"><div class=\"fg-caption-title\">Primavera dos Museus \u2013 Fala da Profa. Terezinha Oliva (Oradora do IHGSE)<\/div><\/div><\/figcaption><\/figure><div class=\"fg-loader\"><\/div><\/div><div class=\"fg-item fg-type-image fg-idle\"><figure class=\"fg-item-inner\"><a href=\"https:\/\/www.ihgse.org.br\/wordpress\/wp-content\/uploads\/2019\/02\/Entrega.jpg\" data-caption-title=\"Primavera dos Museus \u2013 Entrega de livros\" data-attachment-id=\"558\" data-type=\"image\" class=\"fg-thumb\"><span class=\"fg-image-wrap\"><img title=\"Primavera dos Museus \u2013 Entrega de livros\" width=\"640\" height=\"360\" class=\"skip-lazy fg-image\" data-src-fg=\"https:\/\/www.ihgse.org.br\/wordpress\/wp-content\/uploads\/cache\/2019\/02\/Entrega\/3593919103.jpg\" src=\"data:image\/svg+xml,%3Csvg%20xmlns%3D%22http%3A%2F%2Fwww.w3.org%2F2000%2Fsvg%22%20width%3D%22640%22%20height%3D%22360%22%20viewBox%3D%220%200%20640%20360%22%3E%3C%2Fsvg%3E\" loading=\"eager\"><\/span><span class=\"fg-image-overlay\"><\/span><\/a><figcaption class=\"fg-caption\"><div class=\"fg-caption-inner\"><div class=\"fg-caption-title\">Primavera dos Museus \u2013 Entrega de livros<\/div><\/div><\/figcaption><\/figure><div class=\"fg-loader\"><\/div><\/div><div class=\"fg-item fg-type-image fg-idle\"><figure class=\"fg-item-inner\"><a href=\"https:\/\/www.ihgse.org.br\/wordpress\/wp-content\/uploads\/2019\/02\/Mamulengo-1.jpg\" data-caption-title=\"Primavera dos Museus \u2013 Exposi\u00e7\u00e3o do Mamulengo de Cheiroso\" data-attachment-id=\"559\" data-type=\"image\" class=\"fg-thumb\"><span class=\"fg-image-wrap\"><img title=\"Primavera dos Museus \u2013 Exposi\u00e7\u00e3o do Mamulengo de Cheiroso\" width=\"640\" height=\"360\" class=\"skip-lazy fg-image\" data-src-fg=\"https:\/\/www.ihgse.org.br\/wordpress\/wp-content\/uploads\/cache\/2019\/02\/Mamulengo-1\/2426347819.jpg\" src=\"data:image\/svg+xml,%3Csvg%20xmlns%3D%22http%3A%2F%2Fwww.w3.org%2F2000%2Fsvg%22%20width%3D%22640%22%20height%3D%22360%22%20viewBox%3D%220%200%20640%20360%22%3E%3C%2Fsvg%3E\" loading=\"eager\"><\/span><span class=\"fg-image-overlay\"><\/span><\/a><figcaption class=\"fg-caption\"><div class=\"fg-caption-inner\"><div class=\"fg-caption-title\">Primavera dos Museus \u2013 Exposi\u00e7\u00e3o do Mamulengo de Cheiroso<\/div><\/div><\/figcaption><\/figure><div class=\"fg-loader\"><\/div><\/div><div class=\"fg-item fg-type-image fg-idle\"><figure class=\"fg-item-inner\"><a href=\"https:\/\/www.ihgse.org.br\/wordpress\/wp-content\/uploads\/2019\/02\/Mamulengo-2.jpg\" data-caption-title=\"Primavera dos Museus \u2013 Exposi\u00e7\u00e3o do Mamulengo de Cheiroso\" data-attachment-id=\"560\" data-type=\"image\" class=\"fg-thumb\"><span class=\"fg-image-wrap\"><img title=\"Primavera dos Museus \u2013 Exposi\u00e7\u00e3o do Mamulengo de Cheiroso\" width=\"640\" height=\"360\" class=\"skip-lazy fg-image\" data-src-fg=\"https:\/\/www.ihgse.org.br\/wordpress\/wp-content\/uploads\/cache\/2019\/02\/Mamulengo-2\/1629784722.jpg\" src=\"data:image\/svg+xml,%3Csvg%20xmlns%3D%22http%3A%2F%2Fwww.w3.org%2F2000%2Fsvg%22%20width%3D%22640%22%20height%3D%22360%22%20viewBox%3D%220%200%20640%20360%22%3E%3C%2Fsvg%3E\" loading=\"eager\"><\/span><span class=\"fg-image-overlay\"><\/span><\/a><figcaption class=\"fg-caption\"><div class=\"fg-caption-inner\"><div class=\"fg-caption-title\">Primavera dos Museus \u2013 Exposi\u00e7\u00e3o do Mamulengo de Cheiroso<\/div><\/div><\/figcaption><\/figure><div class=\"fg-loader\"><\/div><\/div><div class=\"fg-item fg-type-image fg-idle\"><figure class=\"fg-item-inner\"><a href=\"https:\/\/www.ihgse.org.br\/wordpress\/wp-content\/uploads\/2019\/02\/Plateia.jpg\" data-caption-title=\"Primavera dos Museus \u2013 Vista do audit\u00f3rio\" data-attachment-id=\"561\" data-type=\"image\" class=\"fg-thumb\"><span class=\"fg-image-wrap\"><img title=\"Primavera dos Museus \u2013 Vista do audit\u00f3rio\" width=\"640\" height=\"360\" class=\"skip-lazy fg-image\" data-src-fg=\"https:\/\/www.ihgse.org.br\/wordpress\/wp-content\/uploads\/cache\/2019\/02\/Plateia\/2819850190.jpg\" src=\"data:image\/svg+xml,%3Csvg%20xmlns%3D%22http%3A%2F%2Fwww.w3.org%2F2000%2Fsvg%22%20width%3D%22640%22%20height%3D%22360%22%20viewBox%3D%220%200%20640%20360%22%3E%3C%2Fsvg%3E\" loading=\"eager\"><\/span><span class=\"fg-image-overlay\"><\/span><\/a><figcaption class=\"fg-caption\"><div class=\"fg-caption-inner\"><div class=\"fg-caption-title\">Primavera dos Museus \u2013 Vista do audit\u00f3rio<\/div><\/div><\/figcaption><\/figure><div class=\"fg-loader\"><\/div><\/div>\t\t<\/div>\r\n\t\t<div class=\"fiv-ctrls\">\r\n\t\t\t<div class=\"fiv-prev\"><span>Prev<\/span><\/div>\r\n\t\t\t<label class=\"fiv-count\"><span class=\"fiv-count-current\">1<\/span>of<span class=\"fiv-count-total\">7<\/span><\/label>\r\n\t\t\t<div class=\"fiv-next\"><span>Next<\/span><\/div>\r\n\t\t<\/div>\r\n\t<\/div>\r\n<\/div><\/p>\n<p>&nbsp;<\/p>\n<p>O IHGSE, como espa\u00e7o plural, fez do seu Museu Galdino Bicho o foco de sua troca de conhecimento com as novas gera\u00e7\u00f5es, trazendo escolas do ensino fundamental e m\u00e9dio para participar da programa\u00e7\u00e3o. Assim, de forma adequada a cada ciclo, foram desenvolvidas as atividades:<\/p>\n<ul>\n<li>Sauda\u00e7\u00e3o da Casa<\/li>\n<li>Um olhar de ver, perceber e descobrir \u2013 visita aos diversos espa\u00e7os<\/li>\n<li>\u201cTirando a mem\u00f3ria do escuro \u2013 O Teatro de Anima\u00e7\u00e3o e a Cultura Popular\u201d (palestra a Profa. Agla\u00e9 d\u00b4\u00c1vila Fontes, Presidente do IHGSE)<\/li>\n<li>Jogos did\u00e1ticos com sorteio de livros<\/li>\n<li>\u201cPra qu\u00ea museu?\u201d (palestra da Profa. Ver\u00f4nica Nunes, Diretora do Museu Galdino Bicho)<\/li>\n<li>Visita \u00e0 exposi\u00e7\u00e3o tempor\u00e1ria \u201cVAMOS \u00c0 FEIRA?\u201d \u2013 Homenagem ao grupo Mamulengo de Cheiroso nos seus 40 anos de vida<\/li>\n<\/ul>\n<p>Foram aplicados jogos did\u00e1ticos integrados ao tema como:<\/p>\n<ul>\n<li>Quebra-cabe\u00e7a com a figura do criador do IHGSE \u2013 Florentino Teles de Menezes<\/li>\n<li>Bingo Cultural com perguntas relacionadas com as palestras realizadas<\/li>\n<li>Sorteio de livros da produ\u00e7\u00e3o cultural do IHGSE<\/li>\n<\/ul>\n<p>Participaram da Primavera dos Museus:<\/p>\n<ul>\n<li>80 jovens do ensino fundamental<\/li>\n<li>94 jovens do ensino m\u00e9dio<\/li>\n<li>6 jovens do ensino superior<\/li>\n<\/ul>\n<p>Das quinze escolas convidadas participaram o Col\u00e9gio Estadual Jackson de Figueiredo, a Escola Estadual Prof. Valnir Chagas, a Escola Estadual Leandro Maciel e o instituto superior de Educa\u00e7\u00e3o.<\/p>\n<p>A exposi\u00e7\u00e3o \u201cVAMOS \u00c0 FEIRA?\u201d fica aberta ao p\u00fablico at\u00e9 o dia 17 de outubro.<\/p>\n<\/div><\/div><\/div><\/div><\/div><\/div><\/div><\/div>\n","protected":false},"excerpt":{"rendered":"<p>Realizada em parceria com o MinC\/IBRAM, teve como tema \u201cA EDUCA\u00c7\u00c3O NOS MUSEUS\u201d, abrindo um leque de oportunidades para n\u00e3o apenas se estudar a cultura erudita, mas tamb\u00e9m a popular, quando foi inserida na programa\u00e7\u00e3o a Hist\u00f3ria do Teatro de Anima\u00e7\u00e3o&nbsp; de Sergipe. &nbsp; O IHGSE, como espa\u00e7o plural, fez do seu Museu Galdino Bicho&hellip; <br \/> <a class=\"read-more\" href=\"https:\/\/ihgse.org.br\/wordpress\/primavera-dos-museus\/\">Leia mais<\/a><\/p>\n","protected":false},"author":5,"featured_media":1929,"comment_status":"open","ping_status":"closed","sticky":false,"template":"","format":"standard","meta":{"footnotes":""},"categories":[8],"tags":[29],"class_list":["post-395","post","type-post","status-publish","format-standard","has-post-thumbnail","hentry","category-celebracoes","tag-eventos"],"_links":{"self":[{"href":"https:\/\/ihgse.org.br\/wordpress\/wp-json\/wp\/v2\/posts\/395","targetHints":{"allow":["GET"]}}],"collection":[{"href":"https:\/\/ihgse.org.br\/wordpress\/wp-json\/wp\/v2\/posts"}],"about":[{"href":"https:\/\/ihgse.org.br\/wordpress\/wp-json\/wp\/v2\/types\/post"}],"author":[{"embeddable":true,"href":"https:\/\/ihgse.org.br\/wordpress\/wp-json\/wp\/v2\/users\/5"}],"replies":[{"embeddable":true,"href":"https:\/\/ihgse.org.br\/wordpress\/wp-json\/wp\/v2\/comments?post=395"}],"version-history":[{"count":9,"href":"https:\/\/ihgse.org.br\/wordpress\/wp-json\/wp\/v2\/posts\/395\/revisions"}],"predecessor-version":[{"id":1930,"href":"https:\/\/ihgse.org.br\/wordpress\/wp-json\/wp\/v2\/posts\/395\/revisions\/1930"}],"wp:featuredmedia":[{"embeddable":true,"href":"https:\/\/ihgse.org.br\/wordpress\/wp-json\/wp\/v2\/media\/1929"}],"wp:attachment":[{"href":"https:\/\/ihgse.org.br\/wordpress\/wp-json\/wp\/v2\/media?parent=395"}],"wp:term":[{"taxonomy":"category","embeddable":true,"href":"https:\/\/ihgse.org.br\/wordpress\/wp-json\/wp\/v2\/categories?post=395"},{"taxonomy":"post_tag","embeddable":true,"href":"https:\/\/ihgse.org.br\/wordpress\/wp-json\/wp\/v2\/tags?post=395"}],"curies":[{"name":"wp","href":"https:\/\/api.w.org\/{rel}","templated":true}]}}