{"id":796,"date":"2021-11-29T16:15:44","date_gmt":"2021-11-29T19:15:44","guid":{"rendered":"http:\/\/ihgse.org.br\/wordpress\/?p=796"},"modified":"2022-08-22T09:43:00","modified_gmt":"2022-08-22T12:43:00","slug":"ihgse-pede-socorro","status":"publish","type":"post","link":"https:\/\/ihgse.org.br\/wordpress\/ihgse-pede-socorro\/","title":{"rendered":"IHGSE pede socorro!"},"content":{"rendered":"<p>Quando assumi a Presid\u00eancia do Instituto Hist\u00f3rico em 2018, o problema da necessidade de uma reforma j\u00e1 era conhecido pelo meu antecessor Prof. Samuel Albuquerque. Continuei sua caminhada, em busca de patrocinadores \u2013 tendo j\u00e1 alguns listados, mas nenhum assumido. Perante meus breves 3 anos, andei reformando a sala do Museu Galdino Bicho e preparando a Biblioteca Manoel Bomfim, com a mudan\u00e7a de piso, pintura e utilizando recursos da institui\u00e7\u00e3o. Mas, a esperan\u00e7a da obra n\u00e3o desaparecia. E na entrada do meu 2\u00ba per\u00edodo gestor, as tentativas foram retomadas. Nesta luta, a figura do nosso Vice-presidente Igor Albuquerque foi fundamental conseguindo que, 12 dos nossos deputados colocassem suas Emendas Impositivas para a obra do IHGSE que seria realizada pela SEDURBS \u2013 do estado, sem falar na grande contribui\u00e7\u00e3o do Dep. Federal La\u00e9rcio Oliveira.<\/p>\n<p>As esperan\u00e7as foram renovadas quando a 29 de setembro deste ano, foi aberto o processo licitat\u00f3rio que seria homologado em outubro e a obra come\u00e7aria em novembro, ap\u00f3s as tramita\u00e7\u00f5es legais. Foi movida por essa esperan\u00e7a, que come\u00e7amos a guardar nossas obras de arte, porque a \u201cobra ia come\u00e7ar\u201d. Finalmente, o IHGSE ia entrar em obra. Doce engano, porque espantando nossa esperan\u00e7a estava um item colocado no Edital de Licita\u00e7\u00e3o pela SEDURBS, que exigia da firma vencedora a qualifica\u00e7\u00e3o para fazer \u201crestauro\u201d. O curioso \u00e9 que n\u00e3o temos indica\u00e7\u00e3o de restauro no projeto. Nossas telas que precisam de restauro s\u00e3o m\u00f3veis, e n\u00e3o, afrescos ou pain\u00e9is e pinturas nos tetos como igrejas. Com base neste item, as duas classificadas, foram desclassificadas.<\/p>\n<p>Os prazos, entretanto, continuaram a andar e a dificultar a solu\u00e7\u00e3o final. Agora, ir\u00e3o chamar a firma terceira colocada do Edital, e caso esta n\u00e3o possua documento que pode fazer restauro, ser\u00e1 desclassificada tamb\u00e9m. Pobre IHGSE, com seus 109 anos de vida, mesmo \u00e1s v\u00e9speras da sua reforma ter in\u00edcio, pode perder tudo, porque:<\/p>\n<p>1- O recurso \u00e9 de 2021, das Emendas Impositivas dos deputados \u2013 e termina em 31 de dezembro para ser usado<\/p>\n<p>2- Ultrapassada essa data, o recurso volta<\/p>\n<p>\u00c9 doloroso dizer que meu estoque de esperan\u00e7a foi todo consumido. Pobre IHGSE! Com seus 109 anos de Hist\u00f3ria.<\/p>\n<p>&nbsp;<\/p>\n<p>&nbsp;<\/p>\n<p style=\"text-align: center;\">Agla\u00e9 d\u2019\u00c1vila Fontes<\/p>\n<p style=\"text-align: center;\">\u00ad\u00a0 ______________________________________<\/p>\n<p style=\"text-align: center;\">Presidente<\/p>\n","protected":false},"excerpt":{"rendered":"<p>Quando assumi a Presid\u00eancia do Instituto Hist\u00f3rico em 2018, o problema da necessidade de uma reforma j\u00e1 era conhecido pelo meu antecessor Prof. Samuel Albuquerque. Continuei sua caminhada, em busca de patrocinadores \u2013 tendo j\u00e1 alguns listados, mas nenhum assumido. Perante meus breves 3 anos, andei reformando a sala do Museu Galdino Bicho e preparando&hellip; <br \/> <a class=\"read-more\" href=\"https:\/\/ihgse.org.br\/wordpress\/ihgse-pede-socorro\/\">Leia mais<\/a><\/p>\n","protected":false},"author":5,"featured_media":792,"comment_status":"open","ping_status":"closed","sticky":false,"template":"","format":"standard","meta":{"footnotes":""},"categories":[4],"tags":[20],"class_list":["post-796","post","type-post","status-publish","format-standard","has-post-thumbnail","hentry","category-noticias","tag-noticia"],"_links":{"self":[{"href":"https:\/\/ihgse.org.br\/wordpress\/wp-json\/wp\/v2\/posts\/796","targetHints":{"allow":["GET"]}}],"collection":[{"href":"https:\/\/ihgse.org.br\/wordpress\/wp-json\/wp\/v2\/posts"}],"about":[{"href":"https:\/\/ihgse.org.br\/wordpress\/wp-json\/wp\/v2\/types\/post"}],"author":[{"embeddable":true,"href":"https:\/\/ihgse.org.br\/wordpress\/wp-json\/wp\/v2\/users\/5"}],"replies":[{"embeddable":true,"href":"https:\/\/ihgse.org.br\/wordpress\/wp-json\/wp\/v2\/comments?post=796"}],"version-history":[{"count":1,"href":"https:\/\/ihgse.org.br\/wordpress\/wp-json\/wp\/v2\/posts\/796\/revisions"}],"predecessor-version":[{"id":797,"href":"https:\/\/ihgse.org.br\/wordpress\/wp-json\/wp\/v2\/posts\/796\/revisions\/797"}],"wp:featuredmedia":[{"embeddable":true,"href":"https:\/\/ihgse.org.br\/wordpress\/wp-json\/wp\/v2\/media\/792"}],"wp:attachment":[{"href":"https:\/\/ihgse.org.br\/wordpress\/wp-json\/wp\/v2\/media?parent=796"}],"wp:term":[{"taxonomy":"category","embeddable":true,"href":"https:\/\/ihgse.org.br\/wordpress\/wp-json\/wp\/v2\/categories?post=796"},{"taxonomy":"post_tag","embeddable":true,"href":"https:\/\/ihgse.org.br\/wordpress\/wp-json\/wp\/v2\/tags?post=796"}],"curies":[{"name":"wp","href":"https:\/\/api.w.org\/{rel}","templated":true}]}}